{"id":2149,"date":"2018-11-29T11:19:20","date_gmt":"2018-11-29T10:19:20","guid":{"rendered":"http:\/\/www.studiopiersensini.it\/?p=2149"},"modified":"2018-11-29T11:19:20","modified_gmt":"2018-11-29T10:19:20","slug":"lunico-sezionale-non-obbliga-a-conservare-in-digitale-anche-i-documenti-analogici","status":"publish","type":"post","link":"https:\/\/www.studiopiersensini.it\/?p=2149","title":{"rendered":"L\u2019unico sezionale non obbliga a conservare in digitale anche i documenti analogici"},"content":{"rendered":"<p>La contemporanea registrazione di fatture elettroniche e analogiche in un unico registro sezionale Iva (acquisto o vendite) non obbliga a conservare elettronicamente anche i documenti analogici. A chiarirlo sono le Entrate, con una risposta del 15 novembre scorso, formalizzata nelle Faq pubblicate dall\u2019Agenzia.<\/p>\n<p>Dal 2019, si continueranno inevitabilmente a ricevere ancora fatture non elettroniche (su carta, in pdf, in formato immagine, eccetera), ad esempio, dai minimi, dai forfettari, dai soggetti non residenti o non stabiliti ovvero dai soggetti solo identificati. Gi\u00e0 oggi (soprattutto con l\u2019avvicinarsi di fine anno), invece, \u00e8 possibile ricevere qualche fattura elettronica, assieme alle consuete fatture su carta. In questi casi, di ricezione mista (elettronica e analogica), non \u00e8 necessario istituire diversi sezionali dei registri Iva, al fine di registrare i documenti analogici con una numerazione diversa rispetto alle e-fatture ovvero per evitarne la conservazione sostituiva prevista per queste ultime. Dal 24 ottobre 2018, peraltro, \u00e8 stata abolita la registrazione \u201cin ordine progressivo\u201d delle fatture passive e delle autofatture nel registro Iva degli acquisti (articolo 25, comma 1, del Dpr 633\/1972).<\/p>\n<p>Anche se i documenti elettronici e quelli analitici vengono registrati in un unico sezionale del registro Iva acquisti, infatti, non \u00e8 necessario effettuare la conservazione elettronica sostitutiva anche delle fatture analogiche.<\/p>\n<p>Questa regola vale anche per il ciclo attivo. Nel 2019, anche se la fattura elettronica attiva sar\u00e0 in generale obbligatoria, si dovranno ancora emettere su carta le fatture verso i soggetti non residenti o non stabiliti ovvero i soggetti identificati (identificazione diretta o tramite rappresentante fiscale), a meno che non ci si accordi con loro per l\u2019invio della e-fattura tramite lo Sdi, per evitare l\u2019esterometro, previa richiesta al proprio cliente \u201cestero\u201d (ad esempio, una consociata) del suo indirizzo telematico (codice destinatario o pec). Questa modalit\u00e0 di invio della e-fattura al cliente, tramite lo Sdi (allegato A del provvedimento del 30 aprile 2018, paragrafi 2.1.4), \u00e8 possibile anche per il ciclo passivo (anche se pi\u00f9 complicata) ed \u00e8 diversa da quella, prevista per il solo ciclo attivo e sempre per evitare l\u2019esterometro, di solo \u00abinvio allo Sdi\u00bb dell\u2019Xml con il codice destinatario \u00abXXXXXX\u00bb (si veda Il Quotidiano del Fisco del 15 novembre 2018).<\/p>\n<p>Anche per il ciclo attivo, quindi, in presenza di un unico sezionale con fatture sia elettroniche che analitiche, la modalit\u00e0 di conservazione pu\u00f2 essere sia elettronica (obbligatoria per le fatture elettroniche), sia analitica (per quelle cartacee).<\/p>\n<p>Ad esempio, alla fattura analogica con numero 1, possono succedere le fatture elettroniche con numero 2 e 3, l\u2019analogica con numero 4 e cos\u00ec via, senza necessit\u00e0 di ricorrere a separati registri sezionali, fermo restando il rispetto della conservazione sostitutiva solo per quelle elettroniche.<\/p>\n<p>Anche con l\u2019avvento della fattura elettronica, infine, sar\u00e0 possibile adottare una numerazione progressiva che, partendo dal numero 1, prosegua ininterrottamente per tutti gli anni solari di attivit\u00e0 del contribuente, fino alla cessazione dell\u2019attivit\u00e0 stessa (risoluzione 10 gennaio 2013, n. 1\/E).<\/p>\n<p>Fonte &#8220;Il sole 24 ore&#8221;<\/p>\n","protected":false},"excerpt":{"rendered":"<p>La contemporanea registrazione di fatture elettroniche e analogiche in un unico registro sezionale Iva (acquisto o vendite) non obbliga a conservare elettronicamente anche i documenti analogici. A chiarirlo sono le Entrate, con una risposta del 15 novembre scorso, formalizzata nelle Faq pubblicate dall\u2019Agenzia. Dal 2019, si continueranno inevitabilmente a ricevere ancora fatture non elettroniche (su &hellip; <a href=\"https:\/\/www.studiopiersensini.it\/?p=2149\" class=\"more-link\">Continua la lettura di <span class=\"screen-reader-text\">L\u2019unico sezionale non obbliga a conservare in digitale anche i documenti analogici<\/span> <span class=\"meta-nav\">&rarr;<\/span><\/a><\/p>\n","protected":false},"author":1,"featured_media":0,"comment_status":"closed","ping_status":"closed","sticky":false,"template":"","format":"standard","meta":{"footnotes":""},"categories":[25],"tags":[],"class_list":["post-2149","post","type-post","status-publish","format-standard","hentry","category-novita-2018"],"_links":{"self":[{"href":"https:\/\/www.studiopiersensini.it\/index.php?rest_route=\/wp\/v2\/posts\/2149","targetHints":{"allow":["GET"]}}],"collection":[{"href":"https:\/\/www.studiopiersensini.it\/index.php?rest_route=\/wp\/v2\/posts"}],"about":[{"href":"https:\/\/www.studiopiersensini.it\/index.php?rest_route=\/wp\/v2\/types\/post"}],"author":[{"embeddable":true,"href":"https:\/\/www.studiopiersensini.it\/index.php?rest_route=\/wp\/v2\/users\/1"}],"replies":[{"embeddable":true,"href":"https:\/\/www.studiopiersensini.it\/index.php?rest_route=%2Fwp%2Fv2%2Fcomments&post=2149"}],"version-history":[{"count":1,"href":"https:\/\/www.studiopiersensini.it\/index.php?rest_route=\/wp\/v2\/posts\/2149\/revisions"}],"predecessor-version":[{"id":2150,"href":"https:\/\/www.studiopiersensini.it\/index.php?rest_route=\/wp\/v2\/posts\/2149\/revisions\/2150"}],"wp:attachment":[{"href":"https:\/\/www.studiopiersensini.it\/index.php?rest_route=%2Fwp%2Fv2%2Fmedia&parent=2149"}],"wp:term":[{"taxonomy":"category","embeddable":true,"href":"https:\/\/www.studiopiersensini.it\/index.php?rest_route=%2Fwp%2Fv2%2Fcategories&post=2149"},{"taxonomy":"post_tag","embeddable":true,"href":"https:\/\/www.studiopiersensini.it\/index.php?rest_route=%2Fwp%2Fv2%2Ftags&post=2149"}],"curies":[{"name":"wp","href":"https:\/\/api.w.org\/{rel}","templated":true}]}}